{"id":841,"date":"2019-12-19T15:28:28","date_gmt":"2019-12-19T14:28:28","guid":{"rendered":"http:\/\/www.chrandies.de\/tc\/?p=841"},"modified":"2019-12-19T15:39:53","modified_gmt":"2019-12-19T14:39:53","slug":"pfarrfasching-in-st-johann-baptist-in-groebenzell-am-samstag-15-02-2020","status":"publish","type":"post","link":"https:\/\/www.chrandies.de\/tc\/pfarrfasching-in-st-johann-baptist-in-groebenzell-am-samstag-15-02-2020\/","title":{"rendered":"Pfarrfasching in St. Johann Baptist in Gr\u00f6benzell am Samstag, 15.02.2020"},"content":{"rendered":"\n[et_pb_section fb_built=&#8220;1&#8243; admin_label=&#8220;section&#8220; _builder_version=&#8220;3.22&#8243; background_color=&#8220;#ffffff&#8220; hover_enabled=&#8220;0&#8243; transparent_background=&#8220;off&#8220; make_fullwidth=&#8220;off&#8220; use_custom_width=&#8220;off&#8220; width_unit=&#8220;on&#8220; custom_width_px=&#8220;1080px&#8220; custom_width_percent=&#8220;80%&#8220;][et_pb_row column_structure=&#8220;1_2,1_4,1_4&#8243; admin_label=&#8220;Zeile&#8220; _builder_version=&#8220;3.25&#8243; background_size=&#8220;initial&#8220; background_position=&#8220;top_left&#8220; background_repeat=&#8220;repeat&#8220;][et_pb_column type=&#8220;1_2&#8243; _builder_version=&#8220;3.25&#8243; custom_padding=&#8220;|||&#8220; custom_padding__hover=&#8220;|||&#8220;][et_pb_post_title date_format=&#8220;d.m.Y&#8220; comments=&#8220;off&#8220; featured_image=&#8220;off&#8220; admin_label=&#8220;Posttitel&#8220; _builder_version=&#8220;3.0.87&#8243; title_line_height=&#8220;1.5em&#8220; background_color=&#8220;rgba(255,255,255,0)&#8220; parallax=&#8220;on&#8220; parallax_method=&#8220;off&#8220; parallax_effect=&#8220;on&#8220; module_bg_color=&#8220;rgba(255,255,255,0)&#8220; use_border_color=&#8220;off&#8220; border_color=&#8220;#ffffff&#8220; border_style=&#8220;solid&#8220;] [\/et_pb_post_title][et_pb_text admin_label=&#8220;Text&#8220; _builder_version=&#8220;3.27.4&#8243; background_size=&#8220;initial&#8220; background_position=&#8220;top_left&#8220; background_repeat=&#8220;repeat&#8220; use_border_color=&#8220;off&#8220; border_color=&#8220;#ffffff&#8220; border_style=&#8220;solid&#8220;]<p>Kath. Pfarrsaal in Gr\u00f6benzell,<br \/> Einlass 19.30 Uhr, Beginn 20.00 Uhr,<br \/> Karten+Infos im kath. Pfarrb\u00fcro zu den \u00fcblichen \u00d6ffnungszeiten<\/p>[\/et_pb_text][\/et_pb_column][et_pb_column type=&#8220;1_4&#8243; _builder_version=&#8220;3.25&#8243; custom_padding=&#8220;|||&#8220; custom_padding__hover=&#8220;|||&#8220;][et_pb_image src=&#8220;https:\/\/www.chrandies.de\/tc\/wp-content\/uploads\/2019\/12\/Fasching-StJohannBaptist-2020.jpg&#8220; show_in_lightbox=&#8220;on&#8220; align_tablet=&#8220;center&#8220; align_phone=&#8220;&#8220; align_last_edited=&#8220;on|desktop&#8220; admin_label=&#8220;Bild&#8220; _builder_version=&#8220;4.0.7&#8243; animation_style=&#8220;slide&#8220; animation_direction=&#8220;top&#8220; animation_duration=&#8220;500ms&#8220; animation_intensity_slide=&#8220;10%&#8220; hover_enabled=&#8220;0&#8243; use_border_color=&#8220;off&#8220; border_color=&#8220;#ffffff&#8220; border_style=&#8220;solid&#8220; animation=&#8220;top&#8220; sticky=&#8220;off&#8220; always_center_on_mobile=&#8220;on&#8220;] [\/et_pb_image][\/et_pb_column][et_pb_column type=&#8220;1_4&#8243; _builder_version=&#8220;3.25&#8243; custom_padding=&#8220;|||&#8220; custom_padding__hover=&#8220;|||&#8220;][et_pb_sidebar orientation=&#8220;right&#8220; area=&#8220;sidebar-1&#8243; admin_label=&#8220;Seitenleiste&#8220; _builder_version=&#8220;3.0.74&#8243; body_font_size=&#8220;14px&#8220;] [\/et_pb_sidebar][\/et_pb_column][\/et_pb_row][\/et_pb_section][et_pb_section fb_built=&#8220;1&#8243; fullwidth=&#8220;on&#8220; admin_label=&#8220;Sektion&#8220; _builder_version=&#8220;3.22&#8243; transparent_background=&#8220;off&#8220; make_fullwidth=&#8220;off&#8220; use_custom_width=&#8220;off&#8220; width_unit=&#8220;off&#8220; custom_width_px=&#8220;1080px&#8220; custom_width_percent=&#8220;80%&#8220;][et_pb_fullwidth_map address=&#8220;82194 Gr\u00f6benzell, Deutschland&#8220; zoom_level=&#8220;16&#8243; address_lat=&#8220;48.19397749696267&#8243; address_lng=&#8220;11.371458449429372&#8243; admin_label=&#8220;Vollbreite Karte&#8220; _builder_version=&#8220;3.0.91&#8243;][et_pb_map_pin title=&#8220;St. Johann Baptist&#8220; pin_address=&#8220;Kirchenstra\u00dfe 16B, 82194 Gr\u00f6benzell, Deutschland&#8220; pin_address_lat=&#8220;48.19378&#8243; pin_address_lng=&#8220;11.371419999999944&#8243; _builder_version=&#8220;3.0.47&#8243;] [\/et_pb_map_pin][\/et_pb_fullwidth_map][\/et_pb_section]\n","protected":false},"excerpt":{"rendered":"<p>Kath. Pfarrsaal in Gr\u00f6benzell, Einlass 19.30 Uhr, Beginn 20.00 Uhr, Karten+Infos im kath. Pfarrb\u00fcro zu den \u00fcblichen \u00d6ffnungszeiten<\/p>\n","protected":false},"author":3,"featured_media":0,"comment_status":"closed","ping_status":"closed","sticky":false,"template":"","format":"standard","meta":{"_et_pb_use_builder":"on","_et_pb_old_content":"","_et_gb_content_width":"","footnotes":""},"categories":[1],"tags":[],"class_list":["post-841","post","type-post","status-publish","format-standard","hentry","category-allgemein"],"_links":{"self":[{"href":"https:\/\/www.chrandies.de\/tc\/wp-json\/wp\/v2\/posts\/841","targetHints":{"allow":["GET"]}}],"collection":[{"href":"https:\/\/www.chrandies.de\/tc\/wp-json\/wp\/v2\/posts"}],"about":[{"href":"https:\/\/www.chrandies.de\/tc\/wp-json\/wp\/v2\/types\/post"}],"author":[{"embeddable":true,"href":"https:\/\/www.chrandies.de\/tc\/wp-json\/wp\/v2\/users\/3"}],"replies":[{"embeddable":true,"href":"https:\/\/www.chrandies.de\/tc\/wp-json\/wp\/v2\/comments?post=841"}],"version-history":[{"count":5,"href":"https:\/\/www.chrandies.de\/tc\/wp-json\/wp\/v2\/posts\/841\/revisions"}],"predecessor-version":[{"id":849,"href":"https:\/\/www.chrandies.de\/tc\/wp-json\/wp\/v2\/posts\/841\/revisions\/849"}],"wp:attachment":[{"href":"https:\/\/www.chrandies.de\/tc\/wp-json\/wp\/v2\/media?parent=841"}],"wp:term":[{"taxonomy":"category","embeddable":true,"href":"https:\/\/www.chrandies.de\/tc\/wp-json\/wp\/v2\/categories?post=841"},{"taxonomy":"post_tag","embeddable":true,"href":"https:\/\/www.chrandies.de\/tc\/wp-json\/wp\/v2\/tags?post=841"}],"curies":[{"name":"wp","href":"https:\/\/api.w.org\/{rel}","templated":true}]}}